{"id":4437,"date":"2025-07-10T12:08:00","date_gmt":"2025-07-10T10:08:00","guid":{"rendered":"https:\/\/www.kr\u00e4uterkreis-stoswald.at\/?p=4437"},"modified":"2025-07-10T12:16:57","modified_gmt":"2025-07-10T10:16:57","slug":"4437","status":"publish","type":"post","link":"https:\/\/www.kr\u00e4uterkreis-stoswald.at\/?p=4437","title":{"rendered":"Neues N\u00fctzlingshotel im Kr\u00e4utergarten\u00a0"},"content":{"rendered":"\n[et_pb_section fb_built=&#8220;1&#8243; _builder_version=&#8220;4.27.4&#8243; _module_preset=&#8220;default&#8220; global_colors_info=&#8220;{}&#8220;][et_pb_row _builder_version=&#8220;4.27.4&#8243; _module_preset=&#8220;default&#8220; global_colors_info=&#8220;{}&#8220;][et_pb_column type=&#8220;4_4&#8243; _builder_version=&#8220;4.27.4&#8243; _module_preset=&#8220;default&#8220; global_colors_info=&#8220;{}&#8220;][et_pb_text _builder_version=&#8220;4.27.4&#8243; _module_preset=&#8220;default&#8220; global_colors_info=&#8220;{}&#8220;]Bei den Workshoptagen von der VS St. Oswald gestalteten 2 Gruppen ein neues N\u00fctzlingshotel f\u00fcr den Kr\u00e4utergarten.\nDie Kinder durften verschieden gro\u00dfe L\u00f6cher bohren und abschleifen, das ihnen gro\u00dfen Spa\u00df machte. Die Zwischenr\u00e4ume wurden mit Bambusst\u00e4ben, Zapfen und Holzwolle aufgef\u00fcllt und geschlichtet.\n\nJede Gruppe gestaltet auch eine liebevolle, individuelle Holztafel mit ihren Namen.\n\nDanke an die Kinder die so flei\u00dfig Mitgearbeitet haben.[\/et_pb_text][dggm_justifiedgallery gallery=&#8220;4388,4387,4386,4385,4381,4382,4383,4384&#8243; rowheight=&#8220;179&#8243; _builder_version=&#8220;4.27.4&#8243; _module_preset=&#8220;default&#8220; global_colors_info=&#8220;{}&#8220;][\/dggm_justifiedgallery][\/et_pb_column][\/et_pb_row][\/et_pb_section]\n","protected":false},"excerpt":{"rendered":"<p>Bei den Workshoptagen von der VS St. Oswald gestalteten 2 Gruppen ein neues N\u00fctzlingshotel f\u00fcr den Kr\u00e4utergarten. Die Kinder durften verschieden gro\u00dfe L\u00f6cher bohren und abschleifen, das ihnen gro\u00dfen Spa\u00df machte. Die Zwischenr\u00e4ume wurden mit Bambusst\u00e4ben, Zapfen und Holzwolle aufgef\u00fcllt und geschlichtet. Jede Gruppe gestaltet auch eine liebevolle, individuelle Holztafel mit ihren Namen. Danke an [&hellip;]<\/p>\n","protected":false},"author":2,"featured_media":4421,"comment_status":"closed","ping_status":"closed","sticky":false,"template":"","format":"standard","meta":{"_et_pb_use_builder":"on","_et_pb_old_content":"","_et_gb_content_width":"","footnotes":""},"categories":[13],"tags":[],"class_list":["post-4437","post","type-post","status-publish","format-standard","has-post-thumbnail","hentry","category-aktivitaeten"],"_links":{"self":[{"href":"https:\/\/www.kr\u00e4uterkreis-stoswald.at\/index.php?rest_route=\/wp\/v2\/posts\/4437","targetHints":{"allow":["GET"]}}],"collection":[{"href":"https:\/\/www.kr\u00e4uterkreis-stoswald.at\/index.php?rest_route=\/wp\/v2\/posts"}],"about":[{"href":"https:\/\/www.kr\u00e4uterkreis-stoswald.at\/index.php?rest_route=\/wp\/v2\/types\/post"}],"author":[{"embeddable":true,"href":"https:\/\/www.kr\u00e4uterkreis-stoswald.at\/index.php?rest_route=\/wp\/v2\/users\/2"}],"replies":[{"embeddable":true,"href":"https:\/\/www.kr\u00e4uterkreis-stoswald.at\/index.php?rest_route=%2Fwp%2Fv2%2Fcomments&post=4437"}],"version-history":[{"count":5,"href":"https:\/\/www.kr\u00e4uterkreis-stoswald.at\/index.php?rest_route=\/wp\/v2\/posts\/4437\/revisions"}],"predecessor-version":[{"id":4444,"href":"https:\/\/www.kr\u00e4uterkreis-stoswald.at\/index.php?rest_route=\/wp\/v2\/posts\/4437\/revisions\/4444"}],"wp:featuredmedia":[{"embeddable":true,"href":"https:\/\/www.kr\u00e4uterkreis-stoswald.at\/index.php?rest_route=\/wp\/v2\/media\/4421"}],"wp:attachment":[{"href":"https:\/\/www.kr\u00e4uterkreis-stoswald.at\/index.php?rest_route=%2Fwp%2Fv2%2Fmedia&parent=4437"}],"wp:term":[{"taxonomy":"category","embeddable":true,"href":"https:\/\/www.kr\u00e4uterkreis-stoswald.at\/index.php?rest_route=%2Fwp%2Fv2%2Fcategories&post=4437"},{"taxonomy":"post_tag","embeddable":true,"href":"https:\/\/www.kr\u00e4uterkreis-stoswald.at\/index.php?rest_route=%2Fwp%2Fv2%2Ftags&post=4437"}],"curies":[{"name":"wp","href":"https:\/\/api.w.org\/{rel}","templated":true}]}}