{"id":4427,"date":"2025-07-10T11:48:18","date_gmt":"2025-07-10T09:48:18","guid":{"rendered":"https:\/\/www.kr\u00e4uterkreis-stoswald.at\/?p=4427"},"modified":"2025-07-10T11:48:21","modified_gmt":"2025-07-10T09:48:21","slug":"oekologische-gruenraumpflege-im-mostviertel-exkursion","status":"publish","type":"post","link":"https:\/\/www.kr\u00e4uterkreis-stoswald.at\/?p=4427","title":{"rendered":"\u00d6kologische Gr\u00fcnraumpflege im Mostviertel (Exkursion)"},"content":{"rendered":"\n[et_pb_section fb_built=&#8220;1&#8243; theme_builder_area=&#8220;post_content&#8220; _builder_version=&#8220;4.27.4&#8243; _module_preset=&#8220;default&#8220;][et_pb_row _builder_version=&#8220;4.27.4&#8243; _module_preset=&#8220;default&#8220; theme_builder_area=&#8220;post_content&#8220;][et_pb_column _builder_version=&#8220;4.27.4&#8243; _module_preset=&#8220;default&#8220; type=&#8220;4_4&#8243; theme_builder_area=&#8220;post_content&#8220;][et_pb_text _builder_version=&#8220;4.27.4&#8243; _module_preset=&#8220;default&#8220; theme_builder_area=&#8220;post_content&#8220; hover_enabled=&#8220;0&#8243; sticky_enabled=&#8220;0&#8243;]In einer gemeinsamen Veranstaltung laden die N\u00d6 Umweltbewegung \u201eNatur im Garten\u201c und die N\u00d6 Dorf- und Stadterneuerung in vier Regionen ehrenamtliche Gr\u00fcnraumpflegerinnen und -pfleger sowie Versch\u00f6nerungs- und Dorferneuerungsvereine zu kostenlosen F\u00fchrungen durch vorbildliche Gemeinden und \u201eNatur im Garten\u201c Schaug\u00e4rten. So am vergangenen Wochenende auch im Mostviertel \u2013 Besuche beim Verein \u201eSch\u00f6nes Euratsfeld\u201c sowie im Schaugarten des Stift Seitenstetten vermittelten klimafitte und \u00f6kologisch wertvolle Pflegetipps und Gestaltungsideen.\n \nEhrenamtliche Helferinnen und Helfer sind in der Gr\u00fcnraumpflege der Gemeinden vielerorts unverzichtbar \u2013 ohne ihre Hilfe w\u00e4re die Pflege von Rabatten, Friedh\u00f6fen und anderen Gr\u00fcnfl\u00e4chen in vielen Kommunen undenkbar. Indem Freiwillige die Patenschaft f\u00fcr eine definierte Gr\u00fcnfl\u00e4che \u00fcbernehmen und sich um deren Bepflanzung und\/oder Pflege k\u00fcmmern, unterst\u00fctzen sie die Gemeinde und entlasten deren Mitarbeiterinnen und Mitarbeiter.\n \nAls Dankesch\u00f6n f\u00fcr ihr Engagement laden \u201eNatur im Garten\u201c und die N\u00d6 Dorf- und Stadterneuerung die ehrenamtlichen Helferinnen und Helfer der nieder\u00f6sterreichischen Viertel zu Infoveranstaltungen \u2013 so auch im Bezirk Amstetten. Ein Besuch im \u201eNatur im Garten\u201c Schaugarten des Stifts Seitenstetten, der derzeit in voller Rosenbl\u00fcte steht, vermittelte Infos und Tipps zur \u00f6kologischen Pflege und Gestaltung von naturnahen Gartenbereichen. Bei einer F\u00fchrung durch die vom Verein \u201eSch\u00f6nes Euratsfeld\u201c gepflegten Gr\u00fcnr\u00e4ume \u2013 \u00fcber 30 Menschen sind dort ehrenamtlich in der Gr\u00fcnraumpflege aktiv \u2013 bekamen die Teilnehmerinnen und Teilnehmer Einblicke in die ehrenamtliche Gr\u00fcnraumpflege. Beim gem\u00fctlichen Abschluss mit Speis und Trank konnten die Teilnehmenden Erfahrungen austauschen und den Tag ausklingen lassen.\n \n\u201eEhrenamtliche leisten bei der \u00f6kologischen Gestaltung und Pflege unserer Gemeinden einen unsch\u00e4tzbaren Beitrag. Mit den Exkursionen m\u00f6chten wir nicht nur praktisches Wissen weitergeben, sondern auch Wertsch\u00e4tzung zeigen. Die gelebte Zusammenarbeit zwischen Gemeinden, Vereinen und engagierten B\u00fcrgerinnen und B\u00fcrgern ist ein wichtiger Schl\u00fcssel f\u00fcr klimafitte, lebenswerte Orte\u201c, so \u201eNatur im Garten\u201c Gesch\u00e4ftsf\u00fchrerin Christa Lackner und Maria Forstner, Obfrau der N\u00d6 Dorf- und Stadterneuerung.[\/et_pb_text][\/et_pb_column][\/et_pb_row][\/et_pb_section]\n","protected":false},"excerpt":{"rendered":"<p>In einer gemeinsamen Veranstaltung laden die N\u00d6 Umweltbewegung \u201eNatur im Garten\u201c und die N\u00d6 Dorf- und Stadterneuerung in vier Regionen ehrenamtliche Gr\u00fcnraumpflegerinnen und -pfleger sowie Versch\u00f6nerungs- und Dorferneuerungsvereine zu kostenlosen F\u00fchrungen durch vorbildliche Gemeinden und \u201eNatur im Garten\u201c Schaug\u00e4rten. So am vergangenen Wochenende auch im Mostviertel \u2013 Besuche beim Verein \u201eSch\u00f6nes Euratsfeld\u201c sowie im Schaugarten [&hellip;]<\/p>\n","protected":false},"author":2,"featured_media":4429,"comment_status":"closed","ping_status":"closed","sticky":false,"template":"","format":"standard","meta":{"_et_pb_use_builder":"on","_et_pb_old_content":"","_et_gb_content_width":"","footnotes":""},"categories":[13,46],"tags":[53],"class_list":["post-4427","post","type-post","status-publish","format-standard","has-post-thumbnail","hentry","category-aktivitaeten","category-presse","tag-exkursion"],"_links":{"self":[{"href":"https:\/\/www.kr\u00e4uterkreis-stoswald.at\/index.php?rest_route=\/wp\/v2\/posts\/4427","targetHints":{"allow":["GET"]}}],"collection":[{"href":"https:\/\/www.kr\u00e4uterkreis-stoswald.at\/index.php?rest_route=\/wp\/v2\/posts"}],"about":[{"href":"https:\/\/www.kr\u00e4uterkreis-stoswald.at\/index.php?rest_route=\/wp\/v2\/types\/post"}],"author":[{"embeddable":true,"href":"https:\/\/www.kr\u00e4uterkreis-stoswald.at\/index.php?rest_route=\/wp\/v2\/users\/2"}],"replies":[{"embeddable":true,"href":"https:\/\/www.kr\u00e4uterkreis-stoswald.at\/index.php?rest_route=%2Fwp%2Fv2%2Fcomments&post=4427"}],"version-history":[{"count":3,"href":"https:\/\/www.kr\u00e4uterkreis-stoswald.at\/index.php?rest_route=\/wp\/v2\/posts\/4427\/revisions"}],"predecessor-version":[{"id":4431,"href":"https:\/\/www.kr\u00e4uterkreis-stoswald.at\/index.php?rest_route=\/wp\/v2\/posts\/4427\/revisions\/4431"}],"wp:featuredmedia":[{"embeddable":true,"href":"https:\/\/www.kr\u00e4uterkreis-stoswald.at\/index.php?rest_route=\/wp\/v2\/media\/4429"}],"wp:attachment":[{"href":"https:\/\/www.kr\u00e4uterkreis-stoswald.at\/index.php?rest_route=%2Fwp%2Fv2%2Fmedia&parent=4427"}],"wp:term":[{"taxonomy":"category","embeddable":true,"href":"https:\/\/www.kr\u00e4uterkreis-stoswald.at\/index.php?rest_route=%2Fwp%2Fv2%2Fcategories&post=4427"},{"taxonomy":"post_tag","embeddable":true,"href":"https:\/\/www.kr\u00e4uterkreis-stoswald.at\/index.php?rest_route=%2Fwp%2Fv2%2Ftags&post=4427"}],"curies":[{"name":"wp","href":"https:\/\/api.w.org\/{rel}","templated":true}]}}