{"id":4422,"date":"2025-07-10T11:35:14","date_gmt":"2025-07-10T09:35:14","guid":{"rendered":"https:\/\/www.kr\u00e4uterkreis-stoswald.at\/?p=4422"},"modified":"2025-07-10T11:35:14","modified_gmt":"2025-07-10T09:35:14","slug":"kraeuterkreisausflug","status":"publish","type":"post","link":"https:\/\/www.kr\u00e4uterkreis-stoswald.at\/?p=4422","title":{"rendered":"Kr\u00e4uterkreisausflug"},"content":{"rendered":"<p>[et_pb_section fb_built=&#8220;1&#8243; _builder_version=&#8220;4.16&#8243; global_colors_info=&#8220;{}&#8220;][et_pb_row _builder_version=&#8220;4.16&#8243; background_size=&#8220;initial&#8220; background_position=&#8220;top_left&#8220; background_repeat=&#8220;repeat&#8220; global_colors_info=&#8220;{}&#8220;][et_pb_column type=&#8220;4_4&#8243; _builder_version=&#8220;4.16&#8243; custom_padding=&#8220;|||&#8220; global_colors_info=&#8220;{}&#8220; custom_padding__hover=&#8220;|||&#8220;][et_pb_text _builder_version=&#8220;4.16&#8243; background_size=&#8220;initial&#8220; background_position=&#8220;top_left&#8220; background_repeat=&#8220;repeat&#8220; global_colors_info=&#8220;{}&#8220;]<!-- divi:paragraph --><\/p>\n<p>Bei herrlichen Wetter fand am 6. Juni 2025 unser Kr\u00e4uterkreisausflug statt. Zuerst besuchten wir die <strong>G\u00e4rtnerei Starkl<\/strong> in Aschbach und genossen den Rundgang durch die Verkaufsfl\u00e4che mit den vielen verschiedensten Pflanzen, Blumen, Kr\u00e4utern, Stauden, Beerenstr\u00e4uchern und vielen mehr. Nat\u00fcrlich fanden wir auch einige Rarit\u00e4ten und Pflanzen die wir im Kr\u00e4utergarten noch nicht haben und kauften so flei\u00dfig ein. <\/p>\n<p><!-- \/divi:paragraph --><\/p>\n<p><!-- divi:paragraph --><\/p>\n<p>Weiter ging es nach Seitenstetten zum <strong>Mostlandhof Ott<\/strong>, wo wir uns ein k\u00f6stliches Mittagessen und ein erfrischendes Eis g\u00f6nnten. Am Nachmittag trafen wir uns im <strong>Stiftsgarten Seitenstetten<\/strong> und nahmen an einer <strong>Exkursion<\/strong>, die von Natur im Garten und dem Dorferneuerungsverein f\u00fcr Ehrenamtliche Gr\u00fcnraumpfleger veranstaltet wurde, teil. Wir machten eine F\u00fchrung durch den Hofgarten des Stiftes mit dem G\u00e4rtnermeister Stefan, der diese Anlagen betreut und die Stiftsg\u00e4rtnerei Bognerhof betreibt. <\/p>\n<p><!-- \/divi:paragraph --><\/p>\n<p><!-- divi:paragraph --><\/p>\n<p>Wir genossen den Rundgang durch den wundersch\u00f6n bl\u00fchenden Rosengarten, den Kr\u00e4utergarten, den herrlich bl\u00fchenden Pfingstrosengarten, den Bauerngarten und die F\u00fchrung durch seine eigene G\u00e4rtnerei, das war sehr beeindruckend und wundersch\u00f6n. Danach ging es weiter nach <strong>Euratsfeld<\/strong>, wo uns der Obmann des Vereines \u201eSch\u00f6nes Euratsfeld\u201c durch den Ort mit den verschiedensten Gr\u00fcnraumanlagen f\u00fchrte, die von den ehrenamtlichen Helfern betreut werden. Ein wundersch\u00f6ner, gepflegter Ort wo sehr wertvolle Projekte entstanden sind. Zum Abschluss wurden wir noch zum Heurigen Perbersdorfer eingeladen und genossen eine k\u00f6stliche Jause.<\/p>\n<p><!-- \/divi:paragraph --><\/p>\n<p><!-- divi:paragraph --><\/p>\n<p>Danke an alle die sich Zeit genommen haben um bei diesem wundersch\u00f6nen Ausflug mitgefahren sind und an\u201c Natur im Garten\u201c und an den Dorferneuerungsverein f\u00fcr die tolle Exkursion.<\/p>\n<p><!-- \/divi:paragraph -->[\/et_pb_text][dggm_imagegallery _builder_version=&#8220;4.27.4&#8243; _module_preset=&#8220;default&#8220; use_image_order=&#8220;on&#8220; image_order=&#8220;asc&#8220; hover_enabled=&#8220;0&#8243; sticky_enabled=&#8220;0&#8243;][dggm_imagegalleryitem _builder_version=&#8220;4.27.4&#8243; _module_preset=&#8220;default&#8220; gallery_ids=&#8220;4406,4414,4413,4412,4411,4410,4402,4409,4408,4407,4403,4404,4405&#8243; hover_enabled=&#8220;0&#8243; sticky_enabled=&#8220;0&#8243;][\/dggm_imagegalleryitem][\/dggm_imagegallery][\/et_pb_column][\/et_pb_row][\/et_pb_section]<\/p>\n","protected":false},"excerpt":{"rendered":"<p>Bei herrlichen Wetter fand am 6. Juni 2025 unser Kr\u00e4uterkreisausflug statt. Zuerst besuchten wir die G\u00e4rtnerei Starkl in Aschbach und genossen den Rundgang durch die Verkaufsfl\u00e4che mit den vielen verschiedensten Pflanzen, Blumen, Kr\u00e4utern, Stauden, Beerenstr\u00e4uchern und vielen mehr. Nat\u00fcrlich fanden wir auch einige Rarit\u00e4ten und Pflanzen die wir im Kr\u00e4utergarten noch nicht haben und kauften [&hellip;]<\/p>\n","protected":false},"author":2,"featured_media":4412,"comment_status":"closed","ping_status":"closed","sticky":false,"template":"","format":"standard","meta":{"_et_pb_use_builder":"on","_et_pb_old_content":"<!-- wp:paragraph -->\n<p>Bei herrlichen Wetter fand am 6. Juni 2025 unser Kr\u00e4uterkreisausflug statt. Zuerst besuchten wir die <strong>G\u00e4rtnerei Starkl<\/strong> in Aschbach und genossen den Rundgang durch die Verkaufsfl\u00e4che mit den vielen verschiedensten Pflanzen, Blumen, Kr\u00e4utern, Stauden, Beerenstr\u00e4uchern und vielen mehr. Nat\u00fcrlich fanden wir auch einige Rarit\u00e4ten und Pflanzen die wir im Kr\u00e4utergarten noch nicht haben und kauften so flei\u00dfig ein. <\/p>\n<!-- \/wp:paragraph -->\n\n<!-- wp:paragraph -->\n<p>Weiter ging es nach Seitenstetten zum <strong>Mostlandhof Ott<\/strong>, wo wir uns ein k\u00f6stliches Mittagessen und ein erfrischendes Eis g\u00f6nnten. Am Nachmittag trafen wir uns im <strong>Stiftsgarten Seitenstetten<\/strong> und nahmen an einer <strong>Exkursion<\/strong>, die von Natur im Garten und dem Dorferneuerungsverein f\u00fcr Ehrenamtliche Gr\u00fcnraumpfleger veranstaltet wurde, teil. Wir machten eine F\u00fchrung durch den Hofgarten des Stiftes mit dem G\u00e4rtnermeister Stefan, der diese Anlagen betreut und die Stiftsg\u00e4rtnerei Bognerhof betreibt. <\/p>\n<!-- \/wp:paragraph -->\n\n<!-- wp:paragraph -->\n<p>Wir genossen den Rundgang durch den wundersch\u00f6n bl\u00fchenden Rosengarten, den Kr\u00e4utergarten, den herrlich bl\u00fchenden Pfingstrosengarten, den Bauerngarten und die F\u00fchrung durch seine eigene G\u00e4rtnerei, das war sehr beeindruckend und wundersch\u00f6n. Danach ging es weiter nach <strong>Euratsfeld<\/strong>, wo uns der Obmann des Vereines \u201eSch\u00f6nes Euratsfeld\u201c durch den Ort mit den verschiedensten Gr\u00fcnraumanlagen f\u00fchrte, die von den ehrenamtlichen Helfern betreut werden. Ein wundersch\u00f6ner, gepflegter Ort wo sehr wertvolle Projekte entstanden sind. Zum Abschluss wurden wir noch zum Heurigen Perbersdorfer eingeladen und genossen eine k\u00f6stliche Jause.<\/p>\n<!-- \/wp:paragraph -->\n\n<!-- wp:paragraph -->\n<p>Danke an alle die sich Zeit genommen haben um bei diesem wundersch\u00f6nen Ausflug mitgefahren sind und an\u201c Natur im Garten\u201c und an den Dorferneuerungsverein f\u00fcr die tolle Exkursion.<\/p>\n<!-- \/wp:paragraph -->","_et_gb_content_width":"","footnotes":""},"categories":[13],"tags":[],"class_list":["post-4422","post","type-post","status-publish","format-standard","has-post-thumbnail","hentry","category-aktivitaeten"],"_links":{"self":[{"href":"https:\/\/www.kr\u00e4uterkreis-stoswald.at\/index.php?rest_route=\/wp\/v2\/posts\/4422","targetHints":{"allow":["GET"]}}],"collection":[{"href":"https:\/\/www.kr\u00e4uterkreis-stoswald.at\/index.php?rest_route=\/wp\/v2\/posts"}],"about":[{"href":"https:\/\/www.kr\u00e4uterkreis-stoswald.at\/index.php?rest_route=\/wp\/v2\/types\/post"}],"author":[{"embeddable":true,"href":"https:\/\/www.kr\u00e4uterkreis-stoswald.at\/index.php?rest_route=\/wp\/v2\/users\/2"}],"replies":[{"embeddable":true,"href":"https:\/\/www.kr\u00e4uterkreis-stoswald.at\/index.php?rest_route=%2Fwp%2Fv2%2Fcomments&post=4422"}],"version-history":[{"count":2,"href":"https:\/\/www.kr\u00e4uterkreis-stoswald.at\/index.php?rest_route=\/wp\/v2\/posts\/4422\/revisions"}],"predecessor-version":[{"id":4425,"href":"https:\/\/www.kr\u00e4uterkreis-stoswald.at\/index.php?rest_route=\/wp\/v2\/posts\/4422\/revisions\/4425"}],"wp:featuredmedia":[{"embeddable":true,"href":"https:\/\/www.kr\u00e4uterkreis-stoswald.at\/index.php?rest_route=\/wp\/v2\/media\/4412"}],"wp:attachment":[{"href":"https:\/\/www.kr\u00e4uterkreis-stoswald.at\/index.php?rest_route=%2Fwp%2Fv2%2Fmedia&parent=4422"}],"wp:term":[{"taxonomy":"category","embeddable":true,"href":"https:\/\/www.kr\u00e4uterkreis-stoswald.at\/index.php?rest_route=%2Fwp%2Fv2%2Fcategories&post=4422"},{"taxonomy":"post_tag","embeddable":true,"href":"https:\/\/www.kr\u00e4uterkreis-stoswald.at\/index.php?rest_route=%2Fwp%2Fv2%2Ftags&post=4422"}],"curies":[{"name":"wp","href":"https:\/\/api.w.org\/{rel}","templated":true}]}}