{"id":4330,"date":"2025-03-21T23:04:00","date_gmt":"2025-03-21T22:04:00","guid":{"rendered":"https:\/\/www.kr\u00e4uterkreis-stoswald.at\/?p=4330"},"modified":"2025-06-05T23:49:58","modified_gmt":"2025-06-05T21:49:58","slug":"buergermeisterin-gratulierte-oswalder-kraeuterkreis-zum-noe-ehrenpreis","status":"publish","type":"post","link":"https:\/\/www.kr\u00e4uterkreis-stoswald.at\/?p=4330","title":{"rendered":"B\u00fcrgermeisterin gratulierte Oswalder Kr\u00e4uterkreis zum N\u00d6-Ehrenpreis"},"content":{"rendered":"\n[et_pb_section fb_built=&#8220;1&#8243; _builder_version=&#8220;4.27.4&#8243; hover_enabled=&#8220;0&#8243; global_colors_info=&#8220;{}&#8220; custom_margin=&#8220;0px||||false|false&#8220; custom_padding=&#8220;0px||||false|false&#8220; sticky_enabled=&#8220;0&#8243;][et_pb_row _builder_version=&#8220;4.16&#8243; background_size=&#8220;initial&#8220; background_position=&#8220;top_left&#8220; background_repeat=&#8220;repeat&#8220; global_colors_info=&#8220;{}&#8220;][et_pb_column type=&#8220;4_4&#8243; _builder_version=&#8220;4.16&#8243; custom_padding=&#8220;|||&#8220; global_colors_info=&#8220;{}&#8220; custom_padding__hover=&#8220;|||&#8220;][et_pb_text _builder_version=&#8220;4.16&#8243; background_size=&#8220;initial&#8220; background_position=&#8220;top_left&#8220; background_repeat=&#8220;repeat&#8220; global_colors_info=&#8220;{}&#8220;]<!-- divi:paragraph -->\n<p>Mit einem Oswalder Einkaufsgutschein bedankte sich B\u00fcrgermeisterin Rosemarie Kloim\u00fcller beim Kr\u00e4uterkreis unter der F\u00fchrung von gesch\u00e4ftsf\u00fchrende Gemeinder\u00e4tin Barbara Leonhardsberger f\u00fcr ihre tolle Arbeit und gratulierte zum N\u00d6-Ehrenpreis &#8222;Natur im Garten&#8220; mit dem wundersch\u00f6nen Oswalder Kr\u00e4utergarten.<\/p>\n<!-- \/divi:paragraph -->[\/et_pb_text][dggm_imagegallery _builder_version=&#8220;4.27.4&#8243; _module_preset=&#8220;default&#8220; image_to_display=&#8220;2&#8243; hover_enabled=&#8220;0&#8243; sticky_enabled=&#8220;0&#8243;][dggm_imagegalleryitem _builder_version=&#8220;4.27.4&#8243; _module_preset=&#8220;default&#8220; gallery_ids=&#8220;4335,4334,4333&#8243; hover_enabled=&#8220;0&#8243; sticky_enabled=&#8220;0&#8243;][\/dggm_imagegalleryitem][\/dggm_imagegallery][\/et_pb_column][\/et_pb_row][\/et_pb_section]\n","protected":false},"excerpt":{"rendered":"<p>Mit einem Oswalder Einkaufsgutschein bedankte sich B\u00fcrgermeisterin Rosemarie Kloim\u00fcller beim Kr\u00e4uterkreis unter der F\u00fchrung von gesch\u00e4ftsf\u00fchrende Gemeinder\u00e4tin Barbara Leonhardsberger f\u00fcr ihre tolle Arbeit und gratulierte zum N\u00d6-Ehrenpreis &#8222;Natur im Garten&#8220; mit dem wundersch\u00f6nen Oswalder Kr\u00e4utergarten. <div class=\"et_pb_with_border et_pb_module dggm_imagegallery dggm_imagegallery_0\">\n\t\t\t\t\n\t\t\t\t\n\t\t\t\t\n\t\t\t\t\n\t\t\t\t\n\t\t\t\t\n\t\t\t\t<div class=\"et_pb_module_inner\">\n\t\t\t\t\t<div class=\"dg_ig_container\" data-settings='{\"image_ids\":\"4335, 4334, 4333\",\"show_caption\":\"off\",\"show_description\":\"off\",\"image_size\":\"medium\",\"use_orientation\":\"off\",\"image_orientation\":\"landscape\",\"filter_nav\":\"off\",\"layout_mode\":\"masonry\",\"load_more\":\"off\",\"init_count\":\"6\",\"image_count\":\"4\",\"use_lightbox\":\"off\",\"use_lightbox_content\":\"off\",\"use_lightbox_download\":\"off\",\"caption_tag\":\"h4\",\"description_tag\":\"p\",\"image_scale\":\"no-image-scale\",\"enable_content_position\":\"off\",\"content_position_outside\":\"c4-layout-bottom-left\",\"content_position\":\"c4-layout-top-left\",\"content_reveal_caption\":\"c4-fade-up\",\"content_reveal_description\":\"c4-fade-up\",\"border_anim\":\"off\",\"border_anm_style\":\"c4-border-fade\",\"always_show_title\":\"off\",\"always_show_description\":\"off\",\"use_url\":\"off\",\"url_target\":\"same_window\",\"overlay\":\"off\",\"field_use_icon\":\"off\",\"field_font_icon\":\"5\",\"content_reveal_icon\":\"c4-fade-up\",\"show_pagination\":\"off\",\"pagination_img_count\":\"6\",\"use_number_pagination\":\"off\",\"older_text\":\"Older Entries\",\"newer_text\":\"Next Entries\",\"use_icon_only_at_pagination\":\"off\"}'>\n                \n                <div class=\"dg_ig_gallery grid\" style=\"opacity:0;\">\n                    <div class=\"dg_ig_image grid-item \" data-src=\"https:\/\/www.kr\u00e4uterkreis-stoswald.at\/wp-content\/uploads\/2025\/06\/20250318_UrkundeNatur.jpg\" >\n                <div class=\"item-content no-image-scale\" >\n                    \n                    <figure class=\" c4-izmir  has_overlay\">\n                        \n                        <img decoding=\"async\" class=\"ig-image\" src=\"https:\/\/www.kr\u00e4uterkreis-stoswald.at\/wp-content\/uploads\/2025\/06\/20250318_UrkundeNatur-210x300.jpg\" alt=\"\" class=\"\"\/>\n                        <figcaption class=\"dg_ig_content c4-layout-top-left  empty_content \">\n                            \n                        <\/figcaption>\n                    <\/figure>\n                    \n                <\/div>\n            <\/div><div class=\"dg_ig_image grid-item \" data-src=\"https:\/\/www.kr\u00e4uterkreis-stoswald.at\/wp-content\/uploads\/2025\/06\/20250318_150730x.jpg\" >\n                <div class=\"item-content no-image-scale\" >\n                    \n                    <figure class=\" c4-izmir  has_overlay\">\n                        \n                        <img decoding=\"async\" class=\"ig-image\" src=\"https:\/\/www.kr\u00e4uterkreis-stoswald.at\/wp-content\/uploads\/2025\/06\/20250318_150730x-300x176.jpg\" alt=\"\" class=\"\"\/>\n                        <figcaption class=\"dg_ig_content c4-layout-top-left  empty_content \">\n                            \n                        <\/figcaption>\n                    <\/figure>\n                    \n                <\/div>\n            <\/div><div class=\"dg_ig_image grid-item \" data-src=\"https:\/\/www.kr\u00e4uterkreis-stoswald.at\/wp-content\/uploads\/2025\/06\/20250318_150712x.jpg\" >\n                <div class=\"item-content no-image-scale\" >\n                    \n                    <figure class=\" c4-izmir  has_overlay\">\n                        \n                        <img decoding=\"async\" class=\"ig-image\" src=\"https:\/\/www.kr\u00e4uterkreis-stoswald.at\/wp-content\/uploads\/2025\/06\/20250318_150712x-300x253.jpg\" alt=\"\" class=\"\"\/>\n                        <figcaption class=\"dg_ig_content c4-layout-top-left  empty_content \">\n                            \n                        <\/figcaption>\n                    <\/figure>\n                    \n                <\/div>\n            <\/div>\n                <\/div>\n                \n                \n            <\/div>\n\t\t\t\t<\/div>\n\t\t\t<\/div><\/p>\n","protected":false},"author":2,"featured_media":4334,"comment_status":"closed","ping_status":"closed","sticky":false,"template":"","format":"standard","meta":{"_et_pb_use_builder":"on","_et_pb_old_content":"<!-- wp:paragraph -->\n<p>Mit einem Oswalder Einkaufsgutschein bedankte sich B\u00fcrgermeisterin Rosemarie Kloim\u00fcller beim Kr\u00e4uterkreis unter der F\u00fchrung von gesch\u00e4ftsf\u00fchrende Gemeinder\u00e4tin Barbara Leonhardsberger f\u00fcr ihre tolle Arbeit und gratulierte zum N\u00d6-Ehrenpreis \"Natur im Garten\" mit dem wundersch\u00f6nen Oswalder Kr\u00e4utergarten.<\/p>\n<!-- \/wp:paragraph -->","_et_gb_content_width":"","footnotes":""},"categories":[46],"tags":[],"class_list":["post-4330","post","type-post","status-publish","format-standard","has-post-thumbnail","hentry","category-presse"],"_links":{"self":[{"href":"https:\/\/www.kr\u00e4uterkreis-stoswald.at\/index.php?rest_route=\/wp\/v2\/posts\/4330","targetHints":{"allow":["GET"]}}],"collection":[{"href":"https:\/\/www.kr\u00e4uterkreis-stoswald.at\/index.php?rest_route=\/wp\/v2\/posts"}],"about":[{"href":"https:\/\/www.kr\u00e4uterkreis-stoswald.at\/index.php?rest_route=\/wp\/v2\/types\/post"}],"author":[{"embeddable":true,"href":"https:\/\/www.kr\u00e4uterkreis-stoswald.at\/index.php?rest_route=\/wp\/v2\/users\/2"}],"replies":[{"embeddable":true,"href":"https:\/\/www.kr\u00e4uterkreis-stoswald.at\/index.php?rest_route=%2Fwp%2Fv2%2Fcomments&post=4330"}],"version-history":[{"count":5,"href":"https:\/\/www.kr\u00e4uterkreis-stoswald.at\/index.php?rest_route=\/wp\/v2\/posts\/4330\/revisions"}],"predecessor-version":[{"id":4345,"href":"https:\/\/www.kr\u00e4uterkreis-stoswald.at\/index.php?rest_route=\/wp\/v2\/posts\/4330\/revisions\/4345"}],"wp:featuredmedia":[{"embeddable":true,"href":"https:\/\/www.kr\u00e4uterkreis-stoswald.at\/index.php?rest_route=\/wp\/v2\/media\/4334"}],"wp:attachment":[{"href":"https:\/\/www.kr\u00e4uterkreis-stoswald.at\/index.php?rest_route=%2Fwp%2Fv2%2Fmedia&parent=4330"}],"wp:term":[{"taxonomy":"category","embeddable":true,"href":"https:\/\/www.kr\u00e4uterkreis-stoswald.at\/index.php?rest_route=%2Fwp%2Fv2%2Fcategories&post=4330"},{"taxonomy":"post_tag","embeddable":true,"href":"https:\/\/www.kr\u00e4uterkreis-stoswald.at\/index.php?rest_route=%2Fwp%2Fv2%2Ftags&post=4330"}],"curies":[{"name":"wp","href":"https:\/\/api.w.org\/{rel}","templated":true}]}}