{"id":4326,"date":"2025-06-05T22:51:16","date_gmt":"2025-06-05T20:51:16","guid":{"rendered":"https:\/\/www.kr\u00e4uterkreis-stoswald.at\/?p=4326"},"modified":"2025-06-05T23:48:34","modified_gmt":"2025-06-05T21:48:34","slug":"bluehendes-niederoesterreich-natur-im-garten-sonderpreis-fuer-gemeinde-st-oswald-im-bezirk-melk","status":"publish","type":"post","link":"https:\/\/www.kr\u00e4uterkreis-stoswald.at\/?p=4326","title":{"rendered":"Bl\u00fchendes Nieder\u00f6sterreich: \u201eNatur im Garten\u201c Sonderpreis f\u00fcr Gemeinde St. Oswald im Bezirk Melk"},"content":{"rendered":"\n<p>Auch heuer wurden beim Wettbewerb \u201eBl\u00fchendes Nieder\u00f6sterreich\u201c farbenpr\u00e4chtige Pflanzen, gepflegte Beete und gr\u00fcne Daumen der Gemeinden vor den Vorhang geholt. Mit dem \u201eNatur im Garten\u201c Sonderpreis wurden dabei jene Gemeinden und Orte gew\u00fcrdigt, die sich f\u00fcr ein \u201eBl\u00fchendes Nieder\u00f6sterreich\u201c mit einem besonderen Augenmerk auf \u00f6kologische Gestaltung und Pflege einsetzen. Platz 1 ging dabei an die Gemeinde St. Oswald im Bezirk Melk.<\/p>\n\n\n\n<p>\u201eBl\u00fchendes Nieder\u00f6sterreich\u201c ist eine Gemeinschaftsaktion von N\u00d6 Landwirtschaftskammer, N\u00d6 Wirtschaftskammer, Land Nieder\u00f6sterreich und den G\u00e4rtnern N\u00d6 \u2013 mit dem Ziel, die sch\u00f6nsten blumengeschm\u00fcckten Orte des Landes zu ermitteln. Die N\u00d6 Umweltbewegung \u201eNatur im Garten\u201c vergibt im Zuge dessen einen Sonderpreis f\u00fcr \u00f6kologisch wertvolle Projekte auf \u00f6ffentlichen oder halb-\u00f6ffentlichen Gr\u00fcnfl\u00e4chen \u2013 von Gemeindefl\u00e4chen wie Parkanlagen, Gr\u00fcnstreifen, Kreisverkehren und Kinderg\u00e4rten bis hin zu Schulen, Pflegeheimen und Siedlungsfreir\u00e4umen. Die Bewertungskriterien umfassen naturnahe, biodiversit\u00e4tsf\u00f6rdernde und klimafitte Gestaltung, \u00f6kologische Pflege, sozialen Wert sowie Innovations- und Vorbildcharakter.<\/p>\n\n\n\n<p>Der 1. Platz in der Kategorie \u201eGemeinden bis 5.000 Einwohner\u201c ging dabei an die Gemeinde St. Oswald (Bezirk Melk) f\u00fcr das Projekt \u201eKr\u00e4uter- und Naschgarten\u201c.<\/p>\n\n\n\n<p>Es handelt sich dabei um einen \u00f6ffentlichen Gemeinschaftsgarten, in dem genascht und geerntet werden kann. Vielf\u00e4ltige Naturgartenelemente wie heimische Wildstr\u00e4ucher, trockenvertr\u00e4gliche Staudenbeete, N\u00fctzlingsunterk\u00fcnfte sowie wilde Ecken bieten zahlreichen Tieren einen Lebensraum. Im Garten finden Workshops mit Schulen und Kinderg\u00e4rten statt. Bei der Pflege sind ehrenamtliche Gemeindeb\u00fcrgerinnen und -b\u00fcrger tatkr\u00e4ftig vertreten.<\/p>\n\n\n\n<figure class=\"wp-block-image size-full\"><img loading=\"lazy\" decoding=\"async\" width=\"1000\" height=\"800\" src=\"https:\/\/www.kr\u00e4uterkreis-stoswald.at\/wp-content\/uploads\/2025\/06\/2025_06_01_bluehendesNOE-1.jpeg\" alt=\"\" class=\"wp-image-4328\" srcset=\"https:\/\/www.kr\u00e4uterkreis-stoswald.at\/wp-content\/uploads\/2025\/06\/2025_06_01_bluehendesNOE-1.jpeg 1000w, https:\/\/www.kr\u00e4uterkreis-stoswald.at\/wp-content\/uploads\/2025\/06\/2025_06_01_bluehendesNOE-1-300x240.jpeg 300w, https:\/\/www.kr\u00e4uterkreis-stoswald.at\/wp-content\/uploads\/2025\/06\/2025_06_01_bluehendesNOE-1-768x614.jpeg 768w, https:\/\/www.kr\u00e4uterkreis-stoswald.at\/wp-content\/uploads\/2025\/06\/2025_06_01_bluehendesNOE-1-980x784.jpeg 980w, https:\/\/www.kr\u00e4uterkreis-stoswald.at\/wp-content\/uploads\/2025\/06\/2025_06_01_bluehendesNOE-1-480x384.jpeg 480w\" sizes=\"(max-width: 1000px) 100vw, 1000px\" \/><\/figure>\n\n\n\n<p>Gemeindesekret\u00e4r Leo Baumberger, WKN\u00d6-Vizepr\u00e4sident Erich Moser, \u201eNatur im Garten&#8220; Gesch\u00e4ftsf\u00fchrerin Christa Lackner, LKN\u00d6-Pr\u00e4sident Johannes Schmuckenschlager, Gesch\u00e4ftsf\u00fchrende Gemeinder\u00e4tin Barbara Leonhardsberger, B\u00fcrgermeisterin Rosemarie Kloim\u00fcller, Claudia Wurzer, Landeshauptfrau Johanna Mikl-Leitner, Anna Hilber, Maria Wurzer (Kr\u00e4uterkreis St. Oswald), G\u00e4rtner N\u00d6-Obmann Johannes K\u00e4fer und Friederike Fischl<\/p>\n","protected":false},"excerpt":{"rendered":"<p>Auch heuer wurden beim Wettbewerb \u201eBl\u00fchendes Nieder\u00f6sterreich\u201c farbenpr\u00e4chtige Pflanzen, gepflegte Beete und gr\u00fcne Daumen der Gemeinden vor den Vorhang geholt. Mit dem \u201eNatur im Garten\u201c Sonderpreis wurden dabei jene Gemeinden und Orte gew\u00fcrdigt, die sich f\u00fcr ein \u201eBl\u00fchendes Nieder\u00f6sterreich\u201c mit einem besonderen Augenmerk auf \u00f6kologische Gestaltung und Pflege einsetzen. Platz 1 ging dabei an die [&hellip;]<\/p>\n","protected":false},"author":2,"featured_media":4343,"comment_status":"closed","ping_status":"closed","sticky":false,"template":"","format":"standard","meta":{"_et_pb_use_builder":"off","_et_pb_old_content":"","_et_gb_content_width":"","footnotes":""},"categories":[46],"tags":[],"class_list":["post-4326","post","type-post","status-publish","format-standard","has-post-thumbnail","hentry","category-presse"],"_links":{"self":[{"href":"https:\/\/www.kr\u00e4uterkreis-stoswald.at\/index.php?rest_route=\/wp\/v2\/posts\/4326","targetHints":{"allow":["GET"]}}],"collection":[{"href":"https:\/\/www.kr\u00e4uterkreis-stoswald.at\/index.php?rest_route=\/wp\/v2\/posts"}],"about":[{"href":"https:\/\/www.kr\u00e4uterkreis-stoswald.at\/index.php?rest_route=\/wp\/v2\/types\/post"}],"author":[{"embeddable":true,"href":"https:\/\/www.kr\u00e4uterkreis-stoswald.at\/index.php?rest_route=\/wp\/v2\/users\/2"}],"replies":[{"embeddable":true,"href":"https:\/\/www.kr\u00e4uterkreis-stoswald.at\/index.php?rest_route=%2Fwp%2Fv2%2Fcomments&post=4326"}],"version-history":[{"count":1,"href":"https:\/\/www.kr\u00e4uterkreis-stoswald.at\/index.php?rest_route=\/wp\/v2\/posts\/4326\/revisions"}],"predecessor-version":[{"id":4329,"href":"https:\/\/www.kr\u00e4uterkreis-stoswald.at\/index.php?rest_route=\/wp\/v2\/posts\/4326\/revisions\/4329"}],"wp:featuredmedia":[{"embeddable":true,"href":"https:\/\/www.kr\u00e4uterkreis-stoswald.at\/index.php?rest_route=\/wp\/v2\/media\/4343"}],"wp:attachment":[{"href":"https:\/\/www.kr\u00e4uterkreis-stoswald.at\/index.php?rest_route=%2Fwp%2Fv2%2Fmedia&parent=4326"}],"wp:term":[{"taxonomy":"category","embeddable":true,"href":"https:\/\/www.kr\u00e4uterkreis-stoswald.at\/index.php?rest_route=%2Fwp%2Fv2%2Fcategories&post=4326"},{"taxonomy":"post_tag","embeddable":true,"href":"https:\/\/www.kr\u00e4uterkreis-stoswald.at\/index.php?rest_route=%2Fwp%2Fv2%2Ftags&post=4326"}],"curies":[{"name":"wp","href":"https:\/\/api.w.org\/{rel}","templated":true}]}}