{"id":4163,"date":"2018-12-10T14:58:00","date_gmt":"2018-12-10T13:58:00","guid":{"rendered":"http:\/\/www.kr\u00e4uterkreis-stoswald.at\/?p=4163"},"modified":"2020-02-10T15:05:31","modified_gmt":"2020-02-10T14:05:31","slug":"jahresrueckblick-2018","status":"publish","type":"post","link":"https:\/\/www.kr\u00e4uterkreis-stoswald.at\/?p=4163","title":{"rendered":"Jahresr\u00fcckblick 2018"},"content":{"rendered":"\n<p>Der 2017 ins\nLeben gerufene Kr\u00e4uterkreis St. Oswald blickt im zweiten Jahr seines Bestehens\nauf eine intensive und abwechslungsreiche Gartensaison 2018 zur\u00fcck.<\/p>\n\n\n\n<p>Mit der\nPlanung des gemeinsamen Gartenjahres begannen wir bereits im kalten Februar, wo\nwir uns auf die kommenden Aktivit\u00e4ten einigten. Die engagierten Mitglieder des\nKr\u00e4uterkreises begannen gleich im Fr\u00fchjahr mit der Pflege des\nKr\u00e4utergartenareals und mit dem Bepflanzen der Gem\u00fcsehochbeete. <\/p>\n\n\n\n<p>Bei den\nregelm\u00e4\u00dfigen 14t\u00e4gigen Treffen ging es neben der Betreuung des Kr\u00e4uter- und\nNaschgartens immer auch um einen lebhaften und sehr ergiebigen Austausch von\nKr\u00e4uterwissen und Erfahrungen, Rezepten, Pflanzen-Knowhow und dem Teilen von\nKostproben und&nbsp; \u00dcbersch\u00fcssen aus den\nprivaten G\u00e4rten. Gem\u00fctlichkeit und Genuss kamen dabei auch nie zu kurz, es hat\nsich eine sehr sch\u00f6ne Gemeinschaft entwickelt. Wir freuen uns \u00fcber einige neue\nMitglieder in unserer offenen Gruppe!<\/p>\n\n\n\n<p>Dieses Jahr\ndurften wir im April Walter Friedl im Kr\u00e4utergarten begr\u00fc\u00dfen \u2013 er zeigte den\ninteressierten Teilnehmerinnen die Kunst des Korbwickelns mit Gr\u00e4sern und\nKr\u00e4utern.<\/p>\n\n\n\n<p>Der erste\nH\u00f6hepunkt der Saison war zweifellos unser <strong>Pflanzentauschmarkt\nam 1. Mai<\/strong>, welcher zum ersten Mal stattfand und gleich sehr gut von der St.\nOswalder Bev\u00f6lkerung genutzt wurde.<\/p>\n\n\n\n<p>Wir nutzten\ndas Angebot kostenloser Weiterbildung f\u00fcr Gemeinschaftsg\u00e4rten von \u201eNatur im\nGarten\u201c und informierten uns bei einem Vortrag und einem Praxisworkshop \u00fcber\ndie Kunst des richtigen Kompostierens, welche wir seither \u2013 hoffentlich\nerfolgreich &#8211; in die Gartenpraxis umsetzen.<\/p>\n\n\n\n<p>Vor den\nSommerferien besuchte &#8211; wie schon im Vorjahr &#8211; eine Gruppe von Kindern der Volksschule\nSt. Oswald im Rahmen der <strong>Schulprojekttage\n<\/strong>den Kr\u00e4uter- und Naschgarten. Wir gestalteten einen kreativen Vormittag mit\nNaturmaterialien: die Kinder waren sehr aktiv beim Basteln von Heuherzen,\nZeichnen von Insekten und kreativen Gestalten mit Ton. Wie immer war eine\ngesunde Jause Teil des Programms.<\/p>\n\n\n\n<p>Der Sommer wurde von einer gem\u00fctlichen gemeinsamen Sonnwend-Grillerei beim Feuerplatz des St. Oswalder Gemeinschaftsgartens eingel\u00e4utet. <\/p>\n\n\n\n<p>Ab dem Sommer wurde die <strong>Ernte aus den Kr\u00e4uterbeeten<\/strong> gemeinsam zu den verschiedensten Sch\u00e4tzen verarbeitet: Kr\u00e4uter\u00f6le, Kr\u00e4utersalze und\u00a0 \u2013honig, Tinkturen und nat\u00fcrlich getrocknete Tee- und Heilkr\u00e4uter.<\/p>\n\n\n\n<p>Ein\nH\u00f6hepunkt des Jahres war wieder die <strong>Kr\u00e4uterweihe\nam Maria Himmelfahrtstag,<\/strong> f\u00fcr welche wir 200 Kr\u00e4uterbuschen gemeinsam\ngebunden haben, die bei einer Agape nach der Messe ausgeteilt wurden.<\/p>\n\n\n\n<p>Highlights\ndes Herbstes waren: Der <strong>Lebensweg-Herbstwandertag<\/strong>,\nwo den Wanderern von einigen Mitgliedern des Kr\u00e4uterkreises eine kleine\nLabstation und Information \u00fcber&nbsp; den St.\nOswalder Kr\u00e4uter- und Naschgarten geboten wurde.<\/p>\n\n\n\n<p>Unser <strong>gemeinsamer Herbstausflug<\/strong> f\u00fchrte uns\nzum Wurmhof Thaler bei Zwettl, wo wir uns bei einer F\u00fchrung ausgiebig \u00fcber die\nErzeugung von Wurmhumus informieren lie\u00dfen. Den Nachmittag verbrachten wir in\nden Klosterwerkst\u00e4tten Sch\u00f6nbach beim Seifensieden und bei einem\nWeiden-Flechtworkshop.<\/p>\n\n\n\n<p>K\u00fcrzlich\ntrafen wir uns wieder bei einem von der Gesunden Gemeinde St. Oswald\norganisierten <strong>Vortrag \u00fcber das echte\n\u00f6sterreichische Steinsalz<\/strong>.&nbsp; Das Thema\nSalz war bei den sommerlichen Gespr\u00e4chen aufgekommen. Bei diesem Vortrag\nkonnten wir viel Wissenswertes erfahren!<\/p>\n\n\n\n<p>Wie schon im\nvorigen Jahr beschlossen wir die Gartensaison 2018 mit einem gemeinsamen <strong>Salbenworkshop<\/strong>, wo wir unsere\nKr\u00e4utersch\u00e4tze &nbsp;verarbeiten und mit nach\nHause nehmen konnten. <\/p>\n\n\n\n<p>Wir freuen uns sehr, dass der \u00f6ffentliche Gemeinschaftsgarten der Gemeinde St. Oswald auch von der Bev\u00f6lkerung genutzt und gesch\u00e4tzt wird!<\/p>\n\n\n\n<p>Im Rahmen des laufenden <strong>Schulprojekts \u201eDas gr\u00fcne Klassenzimmer\u201c<\/strong>&nbsp; verbrachten die 2., 3., und 4. Klasse der Volksschule St. Oswald je einen Vormittag im Kr\u00e4utergarten und im nahen Wald. Die Naturvermittlerinnen Doris Wimmer und Gerda Wolf, welche das Projekt gemeinsam mit Barbara Leonhardsberger leiten,&nbsp; begleiteten die Kinder durch einen spannenden Naturworkshop. Themen waren das Kennenlernen von Kr\u00e4utern und Insekten,&nbsp; das gemeinsame Zubereiten einer gesunden Jause, Lernen, wie sich Pflanzen und Tiere im Herbst auf den Winter und das n\u00e4chste Fr\u00fchjahr vorbereiten, spielerische und achtsame Naturerfahrung im Garten und im Wald.<\/p>\n\n\n\n<p>Im September\nbesichtigte eine Gruppe Senioren aus Pasching gemeinsam mit Doris Wimmer den\nKr\u00e4utergarten mit gro\u00dfer Begeisterung. Trotz str\u00f6menden Regens wurde der Garten\ngenau inspiziert und Erfahrungen wurden ausgetauscht. <\/p>\n\n\n\n<p>Auch eine\nprivate F\u00fchrung mit einem Herrn aus dem Marchfeld gemeinsam mit Doris Wimmer erzeugte\nhelle Begeisterung. Der Imker war derart fasziniert von dem sch\u00f6nen Gemeinschaftsgarten,\ndass er das Konzept unbedingt in seiner Heimatgemeinde vortragen wollte. <\/p>\n\n\n\n<p>F\u00fcr das Team\ndes Kr\u00e4uterkreises St. Oswald <\/p>\n\n\n\n<p>Gerda Wolf\nund Doris Wimmer<\/p>\n","protected":false},"excerpt":{"rendered":"<p>Der 2017 ins Leben gerufene Kr\u00e4uterkreis St. Oswald blickt im zweiten Jahr seines Bestehens auf eine intensive und abwechslungsreiche Gartensaison 2018 zur\u00fcck. Mit der Planung des gemeinsamen Gartenjahres begannen wir bereits im kalten Februar, wo wir uns auf die kommenden Aktivit\u00e4ten einigten. Die engagierten Mitglieder des Kr\u00e4uterkreises begannen gleich im Fr\u00fchjahr mit der Pflege des [&hellip;]<\/p>\n","protected":false},"author":3,"featured_media":3613,"comment_status":"closed","ping_status":"closed","sticky":false,"template":"","format":"standard","meta":{"_et_pb_use_builder":"off","_et_pb_old_content":"","_et_gb_content_width":"","footnotes":""},"categories":[13],"tags":[],"class_list":["post-4163","post","type-post","status-publish","format-standard","has-post-thumbnail","hentry","category-aktivitaeten"],"_links":{"self":[{"href":"https:\/\/www.kr\u00e4uterkreis-stoswald.at\/index.php?rest_route=\/wp\/v2\/posts\/4163","targetHints":{"allow":["GET"]}}],"collection":[{"href":"https:\/\/www.kr\u00e4uterkreis-stoswald.at\/index.php?rest_route=\/wp\/v2\/posts"}],"about":[{"href":"https:\/\/www.kr\u00e4uterkreis-stoswald.at\/index.php?rest_route=\/wp\/v2\/types\/post"}],"author":[{"embeddable":true,"href":"https:\/\/www.kr\u00e4uterkreis-stoswald.at\/index.php?rest_route=\/wp\/v2\/users\/3"}],"replies":[{"embeddable":true,"href":"https:\/\/www.kr\u00e4uterkreis-stoswald.at\/index.php?rest_route=%2Fwp%2Fv2%2Fcomments&post=4163"}],"version-history":[{"count":3,"href":"https:\/\/www.kr\u00e4uterkreis-stoswald.at\/index.php?rest_route=\/wp\/v2\/posts\/4163\/revisions"}],"predecessor-version":[{"id":4166,"href":"https:\/\/www.kr\u00e4uterkreis-stoswald.at\/index.php?rest_route=\/wp\/v2\/posts\/4163\/revisions\/4166"}],"wp:featuredmedia":[{"embeddable":true,"href":"https:\/\/www.kr\u00e4uterkreis-stoswald.at\/index.php?rest_route=\/wp\/v2\/media\/3613"}],"wp:attachment":[{"href":"https:\/\/www.kr\u00e4uterkreis-stoswald.at\/index.php?rest_route=%2Fwp%2Fv2%2Fmedia&parent=4163"}],"wp:term":[{"taxonomy":"category","embeddable":true,"href":"https:\/\/www.kr\u00e4uterkreis-stoswald.at\/index.php?rest_route=%2Fwp%2Fv2%2Fcategories&post=4163"},{"taxonomy":"post_tag","embeddable":true,"href":"https:\/\/www.kr\u00e4uterkreis-stoswald.at\/index.php?rest_route=%2Fwp%2Fv2%2Ftags&post=4163"}],"curies":[{"name":"wp","href":"https:\/\/api.w.org\/{rel}","templated":true}]}}