{"id":3656,"date":"2019-05-01T07:53:46","date_gmt":"2019-05-01T05:53:46","guid":{"rendered":"http:\/\/www.kr\u00e4uterkreis-stoswald.at\/?p=3656"},"modified":"2019-05-06T00:11:05","modified_gmt":"2019-05-05T22:11:05","slug":"pflanzentauschmarkt","status":"publish","type":"post","link":"https:\/\/www.kr\u00e4uterkreis-stoswald.at\/?p=3656","title":{"rendered":"Pflanzentauschmarkt am 04. Mai 2019"},"content":{"rendered":"\n<p><strong>im Kr\u00e4uter- und Naschgarten St. Oswald<\/strong> <strong>am 04.Mai 2019 von 14.00 bis 17:00 Uhr<br>Veranstalter: Kr\u00e4uterkreis St. Oswald<\/strong><\/p>\n\n\n\n<p>Die\nMitglieder des Kr\u00e4uterkreises St. Oswald bieten auch in diesem Jahr wieder die\nM\u00f6glichkeit, selbst gezogene Jungpflanzen direkt im Kr\u00e4utergarten zu tauschen\noder gegen eine freiwillige Spende zu erwerben. Nachdem der erste Pflanzentauschmarkt\nvor einem Jahr ein so gro\u00dfartiger Erfolg war, freuen wir uns auch heuer wieder\nauf viele Besucher!<\/p>\n\n\n\n<p>Alle\nPflanzen- und Gartenfreunde sind herzlich eingeladen, ihre selbstgezogenen\nPflanzen-\u00dcbersch\u00fcsse mitzubringen und &nbsp;untereinander Jungpflanzen\nauszutauschen. Wir wollen\ndie Vielfalt und F\u00fclle unserer privaten G\u00e4rten und nat\u00fcrlich auch des St.\nOswalder Gemeinschaftsgartens genie\u00dfen und erweitern. <\/p>\n\n\n\n<p>Pflanzenangebot:<br>verschiedene Gem\u00fcsejungpflanzen \u2013 auch alte samenfeste Sorten, Kr\u00e4uter, Stauden und Sommerblumen, Beerenstr\u00e4ucher.<\/p>\n\n\n\n<p>Au\u00dferdem k\u00f6nnen wir einige Ableger von den kr\u00e4ftigen Pflanzen aus den K\u00fcchen, Tee- und Heilkr\u00e4uterbest\u00e4nden des Kr\u00e4utergartens abgeben.<\/p>\n\n\n\n<p>Solange der\nVorrat reicht! <\/p>\n\n\n\n<p>Keine gewerblichen Anbieter, nur Pflanzen aus privater Anzucht oder direkt aus dem Kr\u00e4utergarten St. Oswald!<\/p>\n\n\n\n<p>Die Gartler und Gartlerinnen des Kr\u00e4uterkreises St. Oswald freuen sich auf einen regen Austausch und viele nette Begegnungen im sch\u00f6nen Kr\u00e4uter- und Naschgarten St. Oswald! <\/p>\n\n\n\n<p>F\u00fcr den Kr\u00e4uterkreis St. Oswald, <br>Barbara Leonhardsberger und Gerda Wolf<\/p>\n","protected":false},"excerpt":{"rendered":"<p>im Kr\u00e4uter- und Naschgarten St. Oswald am 04.Mai 2019 von 14.00 bis 17:00 UhrVeranstalter: Kr\u00e4uterkreis St. Oswald Die Mitglieder des Kr\u00e4uterkreises St. Oswald bieten auch in diesem Jahr wieder die M\u00f6glichkeit, selbst gezogene Jungpflanzen direkt im Kr\u00e4utergarten zu tauschen oder gegen eine freiwillige Spende zu erwerben. Nachdem der erste Pflanzentauschmarkt vor einem Jahr ein so [&hellip;]<\/p>\n","protected":false},"author":2,"featured_media":3660,"comment_status":"closed","ping_status":"closed","sticky":false,"template":"","format":"standard","meta":{"_et_pb_use_builder":"off","_et_pb_old_content":"<!-- wp:paragraph -->\n<p><strong>im Kr\u00e4uter- und Naschgarten St. Oswald<\/strong> <strong>am 04.Mai 2019 von 14.00 bis 17:00 Uhr<br>Veranstalter: Kr\u00e4uterkreis St. Oswald<\/strong><\/p>\n<!-- \/wp:paragraph -->\n\n<!-- wp:paragraph -->\n<p>Die\nMitglieder des Kr\u00e4uterkreises St. Oswald bieten auch in diesem Jahr wieder die\nM\u00f6glichkeit, selbst gezogene Jungpflanzen direkt im Kr\u00e4utergarten zu tauschen\noder gegen eine freiwillige Spende zu erwerben. Nachdem der erste Pflanzentauschmarkt\nvor einem Jahr ein so gro\u00dfartiger Erfolg war, freuen wir uns auch heuer wieder\nauf viele Besucher!<\/p>\n<!-- \/wp:paragraph -->\n\n<!-- wp:paragraph -->\n<p>Alle\nPflanzen- und Gartenfreunde sind herzlich eingeladen, ihre selbstgezogenen\nPflanzen-\u00dcbersch\u00fcsse mitzubringen und &nbsp;untereinander Jungpflanzen\nauszutauschen. Wir wollen\ndie Vielfalt und F\u00fclle unserer privaten G\u00e4rten und nat\u00fcrlich auch des St.\nOswalder Gemeinschaftsgartens genie\u00dfen und erweitern. <\/p>\n<!-- \/wp:paragraph -->\n\n<!-- wp:paragraph -->\n<p>Pflanzenangebot:<br>verschiedene Gem\u00fcsejungpflanzen \u2013 auch alte samenfeste Sorten, Kr\u00e4uter, Stauden und Sommerblumen, Beerenstr\u00e4ucher.<\/p>\n<!-- \/wp:paragraph -->\n\n<!-- wp:paragraph -->\n<p>Au\u00dferdem k\u00f6nnen wir einige Ableger von den kr\u00e4ftigen Pflanzen aus den K\u00fcchen, Tee- und Heilkr\u00e4uterbest\u00e4nden des Kr\u00e4utergartens abgeben.<\/p>\n<!-- \/wp:paragraph -->\n\n<!-- wp:paragraph -->\n<p>Solange der\nVorrat reicht! <\/p>\n<!-- \/wp:paragraph -->\n\n<!-- wp:paragraph -->\n<p>Keine\ngewerblichen Anbieter, nur Pflanzen aus privater Anzucht oder direkt aus dem\nKr\u00e4utergarten St. Oswald!<\/p>\n<!-- \/wp:paragraph -->\n\n<!-- wp:media-text {\"mediaPosition\":\"right\",\"mediaId\":3661,\"mediaType\":\"image\",\"mediaWidth\":47} -->\n<div class=\"wp-block-media-text alignwide has-media-on-the-right\" style=\"grid-template-columns:auto 47%\"><figure class=\"wp-block-media-text__media\"><img src=\"http:\/\/www.kr\u00e4uterkreis-stoswald.at\/wp-content\/uploads\/2019\/05\/image-1.png\" alt=\"\" class=\"wp-image-3661\"\/><\/figure><div class=\"wp-block-media-text__content\"><!-- wp:paragraph -->\n<p>Die Gartler und Gartlerinnen des Kr\u00e4uterkreises St. Oswald freuen sich auf einen regen Austausch und viele nette Begegnungen im sch\u00f6nen Kr\u00e4uter- und Naschgarten St. Oswald! <br><\/p>\n<!-- \/wp:paragraph -->\n\n<!-- wp:paragraph -->\n<p>F\u00fcr den Kr\u00e4uterkreis St. Oswald, <br>Barbara Leonhardsberger<br>und Gerda Wolf<\/p>\n<!-- \/wp:paragraph --><\/div><\/div>\n<!-- \/wp:media-text -->","_et_gb_content_width":"","footnotes":""},"categories":[13],"tags":[],"class_list":["post-3656","post","type-post","status-publish","format-standard","has-post-thumbnail","hentry","category-aktivitaeten"],"_links":{"self":[{"href":"https:\/\/www.kr\u00e4uterkreis-stoswald.at\/index.php?rest_route=\/wp\/v2\/posts\/3656","targetHints":{"allow":["GET"]}}],"collection":[{"href":"https:\/\/www.kr\u00e4uterkreis-stoswald.at\/index.php?rest_route=\/wp\/v2\/posts"}],"about":[{"href":"https:\/\/www.kr\u00e4uterkreis-stoswald.at\/index.php?rest_route=\/wp\/v2\/types\/post"}],"author":[{"embeddable":true,"href":"https:\/\/www.kr\u00e4uterkreis-stoswald.at\/index.php?rest_route=\/wp\/v2\/users\/2"}],"replies":[{"embeddable":true,"href":"https:\/\/www.kr\u00e4uterkreis-stoswald.at\/index.php?rest_route=%2Fwp%2Fv2%2Fcomments&post=3656"}],"version-history":[{"count":7,"href":"https:\/\/www.kr\u00e4uterkreis-stoswald.at\/index.php?rest_route=\/wp\/v2\/posts\/3656\/revisions"}],"predecessor-version":[{"id":3740,"href":"https:\/\/www.kr\u00e4uterkreis-stoswald.at\/index.php?rest_route=\/wp\/v2\/posts\/3656\/revisions\/3740"}],"wp:featuredmedia":[{"embeddable":true,"href":"https:\/\/www.kr\u00e4uterkreis-stoswald.at\/index.php?rest_route=\/wp\/v2\/media\/3660"}],"wp:attachment":[{"href":"https:\/\/www.kr\u00e4uterkreis-stoswald.at\/index.php?rest_route=%2Fwp%2Fv2%2Fmedia&parent=3656"}],"wp:term":[{"taxonomy":"category","embeddable":true,"href":"https:\/\/www.kr\u00e4uterkreis-stoswald.at\/index.php?rest_route=%2Fwp%2Fv2%2Fcategories&post=3656"},{"taxonomy":"post_tag","embeddable":true,"href":"https:\/\/www.kr\u00e4uterkreis-stoswald.at\/index.php?rest_route=%2Fwp%2Fv2%2Ftags&post=3656"}],"curies":[{"name":"wp","href":"https:\/\/api.w.org\/{rel}","templated":true}]}}