{"id":3463,"date":"2018-02-28T19:00:05","date_gmt":"2018-02-28T18:00:05","guid":{"rendered":"http:\/\/www.kr\u00e4uterkreis-stoswald.at\/?p=3463"},"modified":"2019-03-12T23:03:42","modified_gmt":"2019-03-12T22:03:42","slug":"saisonstart","status":"publish","type":"post","link":"https:\/\/www.kr\u00e4uterkreis-stoswald.at\/?p=3463","title":{"rendered":"Saisonstart"},"content":{"rendered":"\n<p><strong>Wir\nstarten in die neue Gartensaison!<\/strong><\/p>\n\n\n\n<p><strong>Termin f\u00fcr das erste Treffen 2018: <\/strong><br><strong>Mittwoch 28. Februar 2018, 19.00 Uhr <\/strong><\/p>\n\n\n\n<p><strong>im Sitzungssaal des Gemeindehauses St. Oswald <\/strong><\/p>\n\n\n\n<p>Der vor einem Jahr gegr\u00fcndete Kr\u00e4uterkreis St. Oswald ist eine <strong>offene Runde<\/strong> und ein <strong>Gemeinschaftsprojekt f\u00fcr alle<\/strong>, die sich f\u00fcr <strong>Natur- und Gartenthemen<\/strong> und besonders f\u00fcr <strong>Kr\u00e4uterwissen<\/strong> vor und hinter dem Gartenzaun interessieren; die sich gerne dar\u00fcber austauschen m\u00f6chten und den Kr\u00e4uter- und Naschgarten mitgestalten wollen. <\/p>\n\n\n\n<p>Beim ersten Treffen in der neuen\nGartensaison werden wieder Ideen und Vorschl\u00e4ge zur gemeinsamen Gestaltung und\nOrganisation des Kr\u00e4uterkreises gesammelt \u2013 der Kr\u00e4uter- und Naschgarten St.\nOswald ist dabei das Zentrum unserer Aktivit\u00e4ten. Im vergangenen Jahr hat sich\neine Gruppe von ungef\u00e4hr zwanzig Personen aller Altersstufen zusammengefunden.\nBei vielen gemeinsamen Aktivit\u00e4ten \u201eim gr\u00fcnen Bereich\u201c hat sich eine gute\nGemeinschaft entwickelt.<\/p>\n\n\n\n<p><strong>Wir freuen uns sehr auf alle Kr\u00e4uter- und Gartenfans, die auch gerne mit dabei sein wollen!<\/strong><\/p>\n\n\n\n<p>Es geht um <\/p>\n\n\n\n<ul class=\"wp-block-list\"><li>den <strong>Austausch<\/strong> und die <strong>Weitergabe<\/strong>\nvon altem und neuem Wissen \u00fcber Wild- und Gartenkr\u00e4uter (Anbau, Pflege, Ernte,\nVerwendung in der Volksheilkunde und Verarbeitung) <\/li><li>Die <strong>F\u00f6rderung von N\u00fctzlingen<\/strong>\nund Best\u00e4uberinsekten im Garten wie Wildbienen, Hummeln und nat\u00fcrlich\nHonigbienen und die Erhaltung ihrer Lebensr\u00e4ume.<\/li><li>Wie k\u00f6nnen wir die <strong>Gemeinschaftsbeete\nim Kr\u00e4uter- und Naschgarten <\/strong>&nbsp;sinnvoll\nnutzen?<\/li><li><strong>Kultivierung<\/strong> von alten und\nstandortgerechten Gem\u00fcse- und Obstsorten im Gemeinschaftsgarten sowie <strong>Erprobung<\/strong> von neuen Gem\u00fcsesorten und\nAnbautechniken (zum Beispiel der ganzj\u00e4hrige Anbau von Gem\u00fcse).<\/li><\/ul>\n\n\n\n<p>ALL DIES SOLL EINEN MEHRWERT UND\nNUTZEN F\u00dcR DIE GEMEINDE BRINGEN!<\/p>\n\n\n\n<p>Die Initiatorinnen des Kr\u00e4uterkreises sind:<\/p>\n\n\n\n<ul class=\"wp-block-list\"><li>GR Barbara Leonhardsberger, Projektleiterin Kr\u00e4uter- und Naschgarten St. Oswald, Tel. 0676 3319934<\/li><li>DI Doris Wimmer, zertifizierter Wildkr\u00e4uterguide, Natur- und Landschaftsvermittlerin<\/li><li>Gerda Wolf, Akademische Expertin f\u00fcr Gartentherapie, Natur- und Landschaftsvermittlerin, Tel. 0699 81461244 <\/li><\/ul>\n","protected":false},"excerpt":{"rendered":"<p>Wir starten in die neue Gartensaison! Termin f\u00fcr das erste Treffen 2018: Mittwoch 28. Februar 2018, 19.00 Uhr im Sitzungssaal des Gemeindehauses St. Oswald Der vor einem Jahr gegr\u00fcndete Kr\u00e4uterkreis St. Oswald ist eine offene Runde und ein Gemeinschaftsprojekt f\u00fcr alle, die sich f\u00fcr Natur- und Gartenthemen und besonders f\u00fcr Kr\u00e4uterwissen vor und hinter dem [&hellip;]<\/p>\n","protected":false},"author":2,"featured_media":3420,"comment_status":"closed","ping_status":"closed","sticky":false,"template":"","format":"standard","meta":{"_et_pb_use_builder":"off","_et_pb_old_content":"","_et_gb_content_width":"","footnotes":""},"categories":[13],"tags":[],"class_list":["post-3463","post","type-post","status-publish","format-standard","has-post-thumbnail","hentry","category-aktivitaeten"],"_links":{"self":[{"href":"https:\/\/www.kr\u00e4uterkreis-stoswald.at\/index.php?rest_route=\/wp\/v2\/posts\/3463","targetHints":{"allow":["GET"]}}],"collection":[{"href":"https:\/\/www.kr\u00e4uterkreis-stoswald.at\/index.php?rest_route=\/wp\/v2\/posts"}],"about":[{"href":"https:\/\/www.kr\u00e4uterkreis-stoswald.at\/index.php?rest_route=\/wp\/v2\/types\/post"}],"author":[{"embeddable":true,"href":"https:\/\/www.kr\u00e4uterkreis-stoswald.at\/index.php?rest_route=\/wp\/v2\/users\/2"}],"replies":[{"embeddable":true,"href":"https:\/\/www.kr\u00e4uterkreis-stoswald.at\/index.php?rest_route=%2Fwp%2Fv2%2Fcomments&post=3463"}],"version-history":[{"count":1,"href":"https:\/\/www.kr\u00e4uterkreis-stoswald.at\/index.php?rest_route=\/wp\/v2\/posts\/3463\/revisions"}],"predecessor-version":[{"id":3468,"href":"https:\/\/www.kr\u00e4uterkreis-stoswald.at\/index.php?rest_route=\/wp\/v2\/posts\/3463\/revisions\/3468"}],"wp:featuredmedia":[{"embeddable":true,"href":"https:\/\/www.kr\u00e4uterkreis-stoswald.at\/index.php?rest_route=\/wp\/v2\/media\/3420"}],"wp:attachment":[{"href":"https:\/\/www.kr\u00e4uterkreis-stoswald.at\/index.php?rest_route=%2Fwp%2Fv2%2Fmedia&parent=3463"}],"wp:term":[{"taxonomy":"category","embeddable":true,"href":"https:\/\/www.kr\u00e4uterkreis-stoswald.at\/index.php?rest_route=%2Fwp%2Fv2%2Fcategories&post=3463"},{"taxonomy":"post_tag","embeddable":true,"href":"https:\/\/www.kr\u00e4uterkreis-stoswald.at\/index.php?rest_route=%2Fwp%2Fv2%2Ftags&post=3463"}],"curies":[{"name":"wp","href":"https:\/\/api.w.org\/{rel}","templated":true}]}}